{"id":18,"date":"2016-01-31T23:15:14","date_gmt":"2016-01-31T23:15:14","guid":{"rendered":"http:\/\/cultour-gleis5.de\/?p=18"},"modified":"2016-05-04T06:11:30","modified_gmt":"2016-05-04T06:11:30","slug":"nbnfnfhn","status":"publish","type":"post","link":"https:\/\/musikschule-cultour.de\/?p=18","title":{"rendered":"Einladung zum Klavierabend"},"content":{"rendered":"<h4><strong>Sonntag, 06. M\u00e4rz 2016<br \/>\n(leider keine Pl\u00e4tze mehr frei!):<\/strong><\/h4>\n<p>Bundespreistr\u00e4ger \u201eJugend musiziert\u201c pr\u00e4sentieren Werke von Chopin, Crusell, Mozart, Martinu, Bach, Haydn, Ginastera u. a.<br \/>\n<strong>Erleben Sie einen au\u00dfergew\u00f6hnlichen Klavierabend im neuen Konzertraum \u201eCultouR\u00a0an Gleis 5\u201c im Hamelner Bahnhof.<\/strong><br \/>\nEmpfang um 17.00 Uhr, Konzertbeginn 17.30 Uhr, Ende gegen 19.15 Uhr (inkl. Pause)<\/p>\n<p>Der Eintritt ist frei \u2013 um Spenden wird gebeten.<br \/>\nDie Tapas-Bar \u201eLa Sol\u201c sorgt f\u00fcr Getr\u00e4nke und Snacks.<br \/>\nDer Zugang zu den R\u00e4umen erfolgt \u00fcber den Treppenaufgang an Gleis 5 im Bahnhofsgeb\u00e4ude Hameln.<\/p>\n<p>Bitte melden Sie sich sp\u00e4testens bis zum 26.02.2016 unter <a href=\"mailto:info@cultour-gleis5.de\" target=\"_blank\">info@cultour-gleis5.de<\/a>\u00a0verbindlich an, da das Sitzplatzangebot beschr\u00e4nkt ist.<\/p>\n<p>&nbsp;<\/p>\n<p><img decoding=\"async\" loading=\"lazy\" class=\"alignnone size-full wp-image-27\" src=\"https:\/\/musikschule-cultour.de\/wp-content\/uploads\/2016\/01\/maerz_rs.jpg\" alt=\"maerz_rs\" width=\"1000\" height=\"475\" srcset=\"https:\/\/musikschule-cultour.de\/wp-content\/uploads\/2016\/01\/maerz_rs.jpg 1000w, https:\/\/musikschule-cultour.de\/wp-content\/uploads\/2016\/01\/maerz_rs-300x143.jpg 300w, https:\/\/musikschule-cultour.de\/wp-content\/uploads\/2016\/01\/maerz_rs-768x365.jpg 768w, https:\/\/musikschule-cultour.de\/wp-content\/uploads\/2016\/01\/maerz_rs-845x401.jpg 845w, https:\/\/musikschule-cultour.de\/wp-content\/uploads\/2016\/01\/maerz_rs-830x394.jpg 830w, https:\/\/musikschule-cultour.de\/wp-content\/uploads\/2016\/01\/maerz_rs-230x109.jpg 230w, https:\/\/musikschule-cultour.de\/wp-content\/uploads\/2016\/01\/maerz_rs-350x166.jpg 350w\" sizes=\"(max-width: 1000px) 100vw, 1000px\" \/><\/p>\n","protected":false},"excerpt":{"rendered":"<p>Sonntag, 06. M\u00e4rz 2016 (leider keine Pl\u00e4tze mehr frei!): Bundespreistr\u00e4ger \u201eJugend musiziert\u201c pr\u00e4sentieren Werke von Chopin, Crusell, Mozart, Martinu, Bach, Haydn, Ginastera u. a. Erleben Sie einen au\u00dfergew\u00f6hnlichen Klavierabend im neuen Konzertraum \u201eCultouR\u00a0an Gleis 5\u201c im Hamelner Bahnhof. Empfang um 17.00 Uhr, Konzertbeginn 17.30 Uhr, Ende gegen 19.15 Uhr (inkl. Pause) Der Eintritt ist frei [&hellip;]<\/p>\n","protected":false},"author":1,"featured_media":34,"comment_status":"closed","ping_status":"open","sticky":false,"template":"","format":"standard","meta":[],"categories":[1],"tags":[],"_links":{"self":[{"href":"https:\/\/musikschule-cultour.de\/index.php?rest_route=\/wp\/v2\/posts\/18"}],"collection":[{"href":"https:\/\/musikschule-cultour.de\/index.php?rest_route=\/wp\/v2\/posts"}],"about":[{"href":"https:\/\/musikschule-cultour.de\/index.php?rest_route=\/wp\/v2\/types\/post"}],"author":[{"embeddable":true,"href":"https:\/\/musikschule-cultour.de\/index.php?rest_route=\/wp\/v2\/users\/1"}],"replies":[{"embeddable":true,"href":"https:\/\/musikschule-cultour.de\/index.php?rest_route=%2Fwp%2Fv2%2Fcomments&post=18"}],"version-history":[{"count":15,"href":"https:\/\/musikschule-cultour.de\/index.php?rest_route=\/wp\/v2\/posts\/18\/revisions"}],"predecessor-version":[{"id":56,"href":"https:\/\/musikschule-cultour.de\/index.php?rest_route=\/wp\/v2\/posts\/18\/revisions\/56"}],"wp:featuredmedia":[{"embeddable":true,"href":"https:\/\/musikschule-cultour.de\/index.php?rest_route=\/wp\/v2\/media\/34"}],"wp:attachment":[{"href":"https:\/\/musikschule-cultour.de\/index.php?rest_route=%2Fwp%2Fv2%2Fmedia&parent=18"}],"wp:term":[{"taxonomy":"category","embeddable":true,"href":"https:\/\/musikschule-cultour.de\/index.php?rest_route=%2Fwp%2Fv2%2Fcategories&post=18"},{"taxonomy":"post_tag","embeddable":true,"href":"https:\/\/musikschule-cultour.de\/index.php?rest_route=%2Fwp%2Fv2%2Ftags&post=18"}],"curies":[{"name":"wp","href":"https:\/\/api.w.org\/{rel}","templated":true}]}}