{"id":206,"date":"2018-07-29T21:02:43","date_gmt":"2018-07-29T21:02:43","guid":{"rendered":"http:\/\/cultour-gleis5.de\/?p=206"},"modified":"2018-07-29T21:02:43","modified_gmt":"2018-07-29T21:02:43","slug":"wichtiger-hinweis-klavierabend-am-16-september-entfaellt","status":"publish","type":"post","link":"https:\/\/musikschule-cultour.de\/?p=206","title":{"rendered":"Wichtiger Hinweis: Klavierabend am 16. September entf\u00e4llt!"},"content":{"rendered":"<p>Leider muss der f\u00fcr den 16. September 2018 angek\u00fcndigte Klavierabend entfallen. Sobald es einen Ersatztermin gibt, werden wir in gewohnter Weise per Post und an dieser Stelle darauf hinweisen.<\/p>\n<p>Besten Dank f\u00fcr Ihr Verst\u00e4ndnis!<\/p>\n","protected":false},"excerpt":{"rendered":"<p>Leider muss der f\u00fcr den 16. September 2018 angek\u00fcndigte Klavierabend entfallen. Sobald es einen Ersatztermin gibt, werden wir in gewohnter Weise per Post und an dieser Stelle darauf hinweisen. Besten Dank f\u00fcr Ihr Verst\u00e4ndnis!<\/p>\n","protected":false},"author":1,"featured_media":0,"comment_status":"open","ping_status":"open","sticky":false,"template":"","format":"standard","meta":[],"categories":[1],"tags":[],"_links":{"self":[{"href":"https:\/\/musikschule-cultour.de\/index.php?rest_route=\/wp\/v2\/posts\/206"}],"collection":[{"href":"https:\/\/musikschule-cultour.de\/index.php?rest_route=\/wp\/v2\/posts"}],"about":[{"href":"https:\/\/musikschule-cultour.de\/index.php?rest_route=\/wp\/v2\/types\/post"}],"author":[{"embeddable":true,"href":"https:\/\/musikschule-cultour.de\/index.php?rest_route=\/wp\/v2\/users\/1"}],"replies":[{"embeddable":true,"href":"https:\/\/musikschule-cultour.de\/index.php?rest_route=%2Fwp%2Fv2%2Fcomments&post=206"}],"version-history":[{"count":1,"href":"https:\/\/musikschule-cultour.de\/index.php?rest_route=\/wp\/v2\/posts\/206\/revisions"}],"predecessor-version":[{"id":207,"href":"https:\/\/musikschule-cultour.de\/index.php?rest_route=\/wp\/v2\/posts\/206\/revisions\/207"}],"wp:attachment":[{"href":"https:\/\/musikschule-cultour.de\/index.php?rest_route=%2Fwp%2Fv2%2Fmedia&parent=206"}],"wp:term":[{"taxonomy":"category","embeddable":true,"href":"https:\/\/musikschule-cultour.de\/index.php?rest_route=%2Fwp%2Fv2%2Fcategories&post=206"},{"taxonomy":"post_tag","embeddable":true,"href":"https:\/\/musikschule-cultour.de\/index.php?rest_route=%2Fwp%2Fv2%2Ftags&post=206"}],"curies":[{"name":"wp","href":"https:\/\/api.w.org\/{rel}","templated":true}]}}