{"id":212,"date":"2019-06-29T10:59:10","date_gmt":"2019-06-29T10:59:10","guid":{"rendered":"http:\/\/cultour-gleis5.de\/?p=212"},"modified":"2019-06-30T14:54:31","modified_gmt":"2019-06-30T14:54:31","slug":"endlich-wieder-cultour-im-hamelner-bahnhof","status":"publish","type":"post","link":"https:\/\/musikschule-cultour.de\/?p=212","title":{"rendered":"Endlich wieder CultouR im Hamelner Bahnhof"},"content":{"rendered":"<p>Am Sonntag den 29. September 2019 wird nach l\u00e4ngerer Konzertpause wieder ein Kammermusikabend stattfinden. Dieser beginnt um 17.00Uhr und wird von der Familie Simko aus Bad M\u00fcnder pr\u00e4sentiert.<\/p>\n<p>Martina und Alexander Simko unterrichten seit 2001 an der Wilhelm-Homeyer-Jugendmusikschule Hameln. Sie unterst\u00fctzen schon immer mit Begeisterung jede Art von musikalischem Engagement ihrer Kinder, die in Musikwettbewerben und \u00fcberregionalen Orchestern pr\u00e4gende und motivierende musikalische Erfahrungen sammeln konnten.<br \/>\nDer Konzerttermin ist f\u00fcr Familie Simko ein Anlass, ein gemeinsames Konzert in der Heimat zu geben. Karl (26), der \u00c4lteste, lebt als Cellist in Frankfurt. Leon (23), Benjamin (20) und Lydia (18) befinden sich in Studium bzw. Ausbildung. Ab Oktober wird wohl keines der Kinder mehr zu Hause wohnen, so dass dieses Konzert nun einen besonders kostbaren Moment darstellt.<br \/>\nDas Programm, das sie spielen werden, ist ein bunter Strau\u00df aus klassischen Werken, Filmmusik und eigenen Arrangements. Die Zuh\u00f6rer erwartet eine breite stilistische Palette mit vielf\u00e4ltigen instrumentalen Klangfarben.<br \/>\nSeit September 2015 ist der Hamelner Bahnhof &#8222;befl\u00fcgelt&#8220;. Zwischen Bahnhofsvorplatz, Bushaltestelle und Gleis 5 hat die Pianistin und Saxophonistin Cecily Reimann einen Ort der Kammermusik geschaffen. Die Diplom-Musikp\u00e4dagogin und Studienr\u00e4tin f\u00fcr Musik \/ Biologie am Viktoria-Luise-Gymnasium unterrichtet hier versierte junge Instrumentalisten.<br \/>\nDie Lage dieses Raumes und auch der hochwertige Fl\u00fcgel sind in Hameln einzigartig. Es finden hier gut 80 Personen als Zuschauer f\u00fcr Kammerkonzerte Platz. Hier k\u00f6nnen K\u00fcnstler in gem\u00fctlicher und absolut ruhiger Atmosph\u00e4re direkt neben den Z\u00fcgen ihr K\u00f6nnen beweisen. Der Raum kann f\u00fcr diesen Zweck zu g\u00fcnstigen Konditionen angemietet werden. Auch die Benutzung des hochwertigen Konzertfl\u00fcgels ist m\u00f6glich.<br \/>\nInteressenten wenden sich gerne an: Cecily Reimann, Bahnhofsplatz 19, 31785 Hameln; info@cultour-gleis5.de; www.cultour-gleis5.de.<br \/>\nF\u00fcr das kommende Konzert in besonderem Umfeld w\u00fcnscht sich das Organisationsteam viele Cultour-interessierte Zuh\u00f6rer.<\/p>\n","protected":false},"excerpt":{"rendered":"<p>Am Sonntag den 29. September 2019 wird nach l\u00e4ngerer Konzertpause wieder ein Kammermusikabend stattfinden. Dieser beginnt um 17.00Uhr und wird von der Familie Simko aus Bad M\u00fcnder pr\u00e4sentiert. Martina und Alexander Simko unterrichten seit 2001 an der Wilhelm-Homeyer-Jugendmusikschule Hameln. Sie unterst\u00fctzen schon immer mit Begeisterung jede Art von musikalischem Engagement ihrer Kinder, die in Musikwettbewerben [&hellip;]<\/p>\n","protected":false},"author":4,"featured_media":227,"comment_status":"open","ping_status":"open","sticky":false,"template":"","format":"standard","meta":[],"categories":[1],"tags":[],"_links":{"self":[{"href":"https:\/\/musikschule-cultour.de\/index.php?rest_route=\/wp\/v2\/posts\/212"}],"collection":[{"href":"https:\/\/musikschule-cultour.de\/index.php?rest_route=\/wp\/v2\/posts"}],"about":[{"href":"https:\/\/musikschule-cultour.de\/index.php?rest_route=\/wp\/v2\/types\/post"}],"author":[{"embeddable":true,"href":"https:\/\/musikschule-cultour.de\/index.php?rest_route=\/wp\/v2\/users\/4"}],"replies":[{"embeddable":true,"href":"https:\/\/musikschule-cultour.de\/index.php?rest_route=%2Fwp%2Fv2%2Fcomments&post=212"}],"version-history":[{"count":3,"href":"https:\/\/musikschule-cultour.de\/index.php?rest_route=\/wp\/v2\/posts\/212\/revisions"}],"predecessor-version":[{"id":226,"href":"https:\/\/musikschule-cultour.de\/index.php?rest_route=\/wp\/v2\/posts\/212\/revisions\/226"}],"wp:featuredmedia":[{"embeddable":true,"href":"https:\/\/musikschule-cultour.de\/index.php?rest_route=\/wp\/v2\/media\/227"}],"wp:attachment":[{"href":"https:\/\/musikschule-cultour.de\/index.php?rest_route=%2Fwp%2Fv2%2Fmedia&parent=212"}],"wp:term":[{"taxonomy":"category","embeddable":true,"href":"https:\/\/musikschule-cultour.de\/index.php?rest_route=%2Fwp%2Fv2%2Fcategories&post=212"},{"taxonomy":"post_tag","embeddable":true,"href":"https:\/\/musikschule-cultour.de\/index.php?rest_route=%2Fwp%2Fv2%2Ftags&post=212"}],"curies":[{"name":"wp","href":"https:\/\/api.w.org\/{rel}","templated":true}]}}