{"id":51,"date":"2016-05-03T20:47:39","date_gmt":"2016-05-03T20:47:39","guid":{"rendered":"http:\/\/cultour-gleis5.de\/?p=51"},"modified":"2016-06-06T09:03:32","modified_gmt":"2016-06-06T09:03:32","slug":"kammermusik-an-gleis-5","status":"publish","type":"post","link":"https:\/\/musikschule-cultour.de\/?p=51","title":{"rendered":"Kammermusik an Gleis 5"},"content":{"rendered":"<h4>Sonntag, 12. Juni\u00a02016:<br \/>\n<strong>(leider keine Pl\u00e4tze mehr frei!):<\/strong><\/h4>\n<p>Ausgew\u00e4hlte Pianisten &amp; Streicher pr\u00e4sentieren Werke von Bach, Mozart, Schumann, Mendelssohn, Klengel u. a.<br \/>\nEinlass um 16.30 Uhr, Konzertbeginn 17.00 Uhr, Ende gegen 19.00 Uhr (inkl. Pause)<\/p>\n<p>Der Eintritt ist frei \u2013 um Spenden wird gebeten.<br \/>\nDie Tapas-Bar \u201eLa Sol\u201c sorgt f\u00fcr Getr\u00e4nke und Snacks.<br \/>\nDer Zugang zu den R\u00e4umen erfolgt \u00fcber den Treppenaufgang an Gleis 5 im Bahnhofsgeb\u00e4ude Hameln.<\/p>\n<p>Bitte melden Sie sich sp\u00e4testens bis zum 03.06.2016 unter\u00a0<a href=\"mailto:info@cultour-gleis5.de\" target=\"_blank\">info@cultour-gleis5.de<\/a>\u00a0verbindlich an, da das Sitzplatzangebot beschr\u00e4nkt ist.<\/p>\n<p><img decoding=\"async\" loading=\"lazy\" class=\"alignnone size-full wp-image-53\" src=\"https:\/\/musikschule-cultour.de\/wp-content\/uploads\/2016\/05\/Einladungen_Juni_03_RS.jpg\" alt=\"Einladungen_Juni_03_RS\" width=\"820\" height=\"390\" srcset=\"https:\/\/musikschule-cultour.de\/wp-content\/uploads\/2016\/05\/Einladungen_Juni_03_RS.jpg 820w, https:\/\/musikschule-cultour.de\/wp-content\/uploads\/2016\/05\/Einladungen_Juni_03_RS-300x143.jpg 300w, https:\/\/musikschule-cultour.de\/wp-content\/uploads\/2016\/05\/Einladungen_Juni_03_RS-768x365.jpg 768w, https:\/\/musikschule-cultour.de\/wp-content\/uploads\/2016\/05\/Einladungen_Juni_03_RS-230x109.jpg 230w, https:\/\/musikschule-cultour.de\/wp-content\/uploads\/2016\/05\/Einladungen_Juni_03_RS-350x166.jpg 350w\" sizes=\"(max-width: 820px) 100vw, 820px\" \/><\/p>\n","protected":false},"excerpt":{"rendered":"<p>Sonntag, 12. Juni\u00a02016: (leider keine Pl\u00e4tze mehr frei!): Ausgew\u00e4hlte Pianisten &amp; Streicher pr\u00e4sentieren Werke von Bach, Mozart, Schumann, Mendelssohn, Klengel u. a. Einlass um 16.30 Uhr, Konzertbeginn 17.00 Uhr, Ende gegen 19.00 Uhr (inkl. Pause) Der Eintritt ist frei \u2013 um Spenden wird gebeten. Die Tapas-Bar \u201eLa Sol\u201c sorgt f\u00fcr Getr\u00e4nke und Snacks. Der Zugang [&hellip;]<\/p>\n","protected":false},"author":1,"featured_media":54,"comment_status":"open","ping_status":"open","sticky":false,"template":"","format":"standard","meta":[],"categories":[1],"tags":[],"_links":{"self":[{"href":"https:\/\/musikschule-cultour.de\/index.php?rest_route=\/wp\/v2\/posts\/51"}],"collection":[{"href":"https:\/\/musikschule-cultour.de\/index.php?rest_route=\/wp\/v2\/posts"}],"about":[{"href":"https:\/\/musikschule-cultour.de\/index.php?rest_route=\/wp\/v2\/types\/post"}],"author":[{"embeddable":true,"href":"https:\/\/musikschule-cultour.de\/index.php?rest_route=\/wp\/v2\/users\/1"}],"replies":[{"embeddable":true,"href":"https:\/\/musikschule-cultour.de\/index.php?rest_route=%2Fwp%2Fv2%2Fcomments&post=51"}],"version-history":[{"count":3,"href":"https:\/\/musikschule-cultour.de\/index.php?rest_route=\/wp\/v2\/posts\/51\/revisions"}],"predecessor-version":[{"id":77,"href":"https:\/\/musikschule-cultour.de\/index.php?rest_route=\/wp\/v2\/posts\/51\/revisions\/77"}],"wp:featuredmedia":[{"embeddable":true,"href":"https:\/\/musikschule-cultour.de\/index.php?rest_route=\/wp\/v2\/media\/54"}],"wp:attachment":[{"href":"https:\/\/musikschule-cultour.de\/index.php?rest_route=%2Fwp%2Fv2%2Fmedia&parent=51"}],"wp:term":[{"taxonomy":"category","embeddable":true,"href":"https:\/\/musikschule-cultour.de\/index.php?rest_route=%2Fwp%2Fv2%2Fcategories&post=51"},{"taxonomy":"post_tag","embeddable":true,"href":"https:\/\/musikschule-cultour.de\/index.php?rest_route=%2Fwp%2Fv2%2Ftags&post=51"}],"curies":[{"name":"wp","href":"https:\/\/api.w.org\/{rel}","templated":true}]}}